{"id":1576,"date":"2026-03-18T09:08:39","date_gmt":"2026-03-18T09:08:39","guid":{"rendered":"https:\/\/staging-tecma.pixit.au\/lavenir-du-cafe-et-des-emballages-de-cafe-plus-durables\/"},"modified":"2026-04-13T12:12:52","modified_gmt":"2026-04-13T12:12:52","slug":"lavenir-du-cafe-et-des-emballages-de-cafe-plus-durables","status":"publish","type":"post","link":"https:\/\/staging-tecma.pixit.au\/fr\/lavenir-du-cafe-et-des-emballages-de-cafe-plus-durables\/","title":{"rendered":"L\u2019avenir du caf\u00e9 et des emballages de caf\u00e9 plus durables"},"content":{"rendered":"\n<p>Lorem ipsum dolor sit amet, consectetur adipiscing elit, sed do eiusmod tempor incididunt ut labore et dolore magna aliqua. Ut enim ad minim veniam, quis nostrud exercitation ullamco laboris nisi ut aliquip ex ea commodo consequat. Duis aute irure dolor in reprehenderit in voluptate velit esse cillum dolore eu fugiat nulla pariatur. Excepteur sint occaecat cupidatat non proident, sunt in culpa qui officia deserunt mollit anim id est laborum. Ut enim ad minim veniam, quis nostrud exercitation ullamco laboris nisi ut aliquip ex ea commodo consequat. Duis aute irure dolor in reprehenderit.<\/p>\n\n<p>Lorem ipsum dolor sit amet, consectetur adipiscing elit, sed do eiusmod tempor incididunt ut labore et dolore magna aliqua. Ut enim ad minim veniam, quis nostrud exercitation ullamco laboris nisi ut aliquip ex ea commodo consequat. Duis aute irure dolor in reprehenderit in voluptate velit esse cillum dolore eu fugiat nulla pariatur. Excepteur sint occaecat cupidatat non proident, sunt in culpa qui officia deserunt mollit anim id est laborum. Ut enim ad minim veniam, quis nostrud exercitation ullamco laboris nisi ut aliquip ex ea commodo consequat. Duis aute irure dolor in reprehenderit.<\/p>\n","protected":false},"excerpt":{"rendered":"<p>Lorem ipsum dolor sit amet, consectetur adipiscing elit, sed do eiusmod tempor incididunt ut labore et dolore magna aliqua. Ut enim ad minim veniam, quis nostrud exercitation ullamco laboris nisi ut aliquip ex ea commodo consequat. Duis aute irure dolor in reprehenderit in voluptate velit esse cillum dolore eu fugiat nulla pariatur. Excepteur sint occaecat [&hellip;]<\/p>\n","protected":false},"author":2,"featured_media":1575,"comment_status":"open","ping_status":"open","sticky":false,"template":"","format":"standard","meta":{"_acf_changed":false,"footnotes":""},"categories":[32],"tags":[],"class_list":["post-1576","post","type-post","status-publish","format-standard","has-post-thumbnail","hentry","category-innovation"],"acf":[],"yoast_head":"<!-- This site is optimized with the Yoast SEO plugin v27.4 - https:\/\/yoast.com\/product\/yoast-seo-wordpress\/ -->\n<title>L\u2019avenir du caf\u00e9 et des emballages de caf\u00e9 plus durables - Tecma Aries<\/title>\n<meta name=\"robots\" content=\"index, follow, max-snippet:-1, max-image-preview:large, max-video-preview:-1\" \/>\n<link rel=\"canonical\" href=\"https:\/\/staging-tecma.pixit.au\/fr\/lavenir-du-cafe-et-des-emballages-de-cafe-plus-durables\/\" \/>\n<meta property=\"og:locale\" content=\"fr_FR\" \/>\n<meta property=\"og:type\" content=\"article\" \/>\n<meta property=\"og:title\" content=\"L\u2019avenir du caf\u00e9 et des emballages de caf\u00e9 plus durables - Tecma Aries\" \/>\n<meta property=\"og:description\" content=\"Lorem ipsum dolor sit amet, consectetur adipiscing elit, sed do eiusmod tempor incididunt ut labore et dolore magna aliqua. Ut enim ad minim veniam, quis nostrud exercitation ullamco laboris nisi ut aliquip ex ea commodo consequat. Duis aute irure dolor in reprehenderit in voluptate velit esse cillum dolore eu fugiat nulla pariatur. Excepteur sint occaecat [&hellip;]\" \/>\n<meta property=\"og:url\" content=\"https:\/\/staging-tecma.pixit.au\/fr\/lavenir-du-cafe-et-des-emballages-de-cafe-plus-durables\/\" \/>\n<meta property=\"og:site_name\" content=\"Tecma Aries\" \/>\n<meta property=\"article:published_time\" content=\"2026-03-18T09:08:39+00:00\" \/>\n<meta property=\"article:modified_time\" content=\"2026-04-13T12:12:52+00:00\" \/>\n<meta property=\"og:image\" content=\"https:\/\/staging-tecma.pixit.au\/wp-content\/uploads\/2026\/03\/blank-coffee-package-with-copy-space-and-takeout-cups-on-beige-background-e1656316793799.jpg\" \/>\n\t<meta property=\"og:image:width\" content=\"1920\" \/>\n\t<meta property=\"og:image:height\" content=\"1280\" \/>\n\t<meta property=\"og:image:type\" content=\"image\/jpeg\" \/>\n<meta name=\"author\" content=\"Khaled Hossain\" \/>\n<meta name=\"twitter:card\" content=\"summary_large_image\" \/>\n<meta name=\"twitter:label1\" content=\"\u00c9crit par\" \/>\n\t<meta name=\"twitter:data1\" content=\"Khaled Hossain\" \/>\n\t<meta name=\"twitter:label2\" content=\"Dur\u00e9e de lecture estim\u00e9e\" \/>\n\t<meta name=\"twitter:data2\" content=\"1 minute\" \/>\n<script type=\"application\/ld+json\" class=\"yoast-schema-graph\">{\"@context\":\"https:\\\/\\\/schema.org\",\"@graph\":[{\"@type\":\"Article\",\"@id\":\"https:\\\/\\\/staging-tecma.pixit.au\\\/fr\\\/lavenir-du-cafe-et-des-emballages-de-cafe-plus-durables\\\/#article\",\"isPartOf\":{\"@id\":\"https:\\\/\\\/staging-tecma.pixit.au\\\/fr\\\/lavenir-du-cafe-et-des-emballages-de-cafe-plus-durables\\\/\"},\"author\":{\"name\":\"Khaled Hossain\",\"@id\":\"https:\\\/\\\/staging-tecma.pixit.au\\\/fr\\\/#\\\/schema\\\/person\\\/0f505a412b8823eb4244c5d4de2485ca\"},\"headline\":\"L\u2019avenir du caf\u00e9 et des emballages de caf\u00e9 plus durables\",\"datePublished\":\"2026-03-18T09:08:39+00:00\",\"dateModified\":\"2026-04-13T12:12:52+00:00\",\"mainEntityOfPage\":{\"@id\":\"https:\\\/\\\/staging-tecma.pixit.au\\\/fr\\\/lavenir-du-cafe-et-des-emballages-de-cafe-plus-durables\\\/\"},\"wordCount\":195,\"commentCount\":0,\"publisher\":{\"@id\":\"https:\\\/\\\/staging-tecma.pixit.au\\\/fr\\\/#organization\"},\"image\":{\"@id\":\"https:\\\/\\\/staging-tecma.pixit.au\\\/fr\\\/lavenir-du-cafe-et-des-emballages-de-cafe-plus-durables\\\/#primaryimage\"},\"thumbnailUrl\":\"https:\\\/\\\/staging-tecma.pixit.au\\\/wp-content\\\/uploads\\\/2026\\\/03\\\/blank-coffee-package-with-copy-space-and-takeout-cups-on-beige-background-e1656316793799.jpg\",\"articleSection\":[\"Innovation\"],\"inLanguage\":\"fr-FR\",\"potentialAction\":[{\"@type\":\"CommentAction\",\"name\":\"Comment\",\"target\":[\"https:\\\/\\\/staging-tecma.pixit.au\\\/fr\\\/lavenir-du-cafe-et-des-emballages-de-cafe-plus-durables\\\/#respond\"]}]},{\"@type\":\"WebPage\",\"@id\":\"https:\\\/\\\/staging-tecma.pixit.au\\\/fr\\\/lavenir-du-cafe-et-des-emballages-de-cafe-plus-durables\\\/\",\"url\":\"https:\\\/\\\/staging-tecma.pixit.au\\\/fr\\\/lavenir-du-cafe-et-des-emballages-de-cafe-plus-durables\\\/\",\"name\":\"L\u2019avenir du caf\u00e9 et des emballages de caf\u00e9 plus durables - Tecma Aries\",\"isPartOf\":{\"@id\":\"https:\\\/\\\/staging-tecma.pixit.au\\\/fr\\\/#website\"},\"primaryImageOfPage\":{\"@id\":\"https:\\\/\\\/staging-tecma.pixit.au\\\/fr\\\/lavenir-du-cafe-et-des-emballages-de-cafe-plus-durables\\\/#primaryimage\"},\"image\":{\"@id\":\"https:\\\/\\\/staging-tecma.pixit.au\\\/fr\\\/lavenir-du-cafe-et-des-emballages-de-cafe-plus-durables\\\/#primaryimage\"},\"thumbnailUrl\":\"https:\\\/\\\/staging-tecma.pixit.au\\\/wp-content\\\/uploads\\\/2026\\\/03\\\/blank-coffee-package-with-copy-space-and-takeout-cups-on-beige-background-e1656316793799.jpg\",\"datePublished\":\"2026-03-18T09:08:39+00:00\",\"dateModified\":\"2026-04-13T12:12:52+00:00\",\"breadcrumb\":{\"@id\":\"https:\\\/\\\/staging-tecma.pixit.au\\\/fr\\\/lavenir-du-cafe-et-des-emballages-de-cafe-plus-durables\\\/#breadcrumb\"},\"inLanguage\":\"fr-FR\",\"potentialAction\":[{\"@type\":\"ReadAction\",\"target\":[\"https:\\\/\\\/staging-tecma.pixit.au\\\/fr\\\/lavenir-du-cafe-et-des-emballages-de-cafe-plus-durables\\\/\"]}]},{\"@type\":\"ImageObject\",\"inLanguage\":\"fr-FR\",\"@id\":\"https:\\\/\\\/staging-tecma.pixit.au\\\/fr\\\/lavenir-du-cafe-et-des-emballages-de-cafe-plus-durables\\\/#primaryimage\",\"url\":\"https:\\\/\\\/staging-tecma.pixit.au\\\/wp-content\\\/uploads\\\/2026\\\/03\\\/blank-coffee-package-with-copy-space-and-takeout-cups-on-beige-background-e1656316793799.jpg\",\"contentUrl\":\"https:\\\/\\\/staging-tecma.pixit.au\\\/wp-content\\\/uploads\\\/2026\\\/03\\\/blank-coffee-package-with-copy-space-and-takeout-cups-on-beige-background-e1656316793799.jpg\",\"width\":1920,\"height\":1280},{\"@type\":\"BreadcrumbList\",\"@id\":\"https:\\\/\\\/staging-tecma.pixit.au\\\/fr\\\/lavenir-du-cafe-et-des-emballages-de-cafe-plus-durables\\\/#breadcrumb\",\"itemListElement\":[{\"@type\":\"ListItem\",\"position\":1,\"name\":\"Home\",\"item\":\"https:\\\/\\\/staging-tecma.pixit.au\\\/fr\\\/\"},{\"@type\":\"ListItem\",\"position\":2,\"name\":\"L\u2019avenir du caf\u00e9 et des emballages de caf\u00e9 plus durables\"}]},{\"@type\":\"WebSite\",\"@id\":\"https:\\\/\\\/staging-tecma.pixit.au\\\/fr\\\/#website\",\"url\":\"https:\\\/\\\/staging-tecma.pixit.au\\\/fr\\\/\",\"name\":\"Tecma Aries\",\"description\":\"The end of packaging line expert\",\"publisher\":{\"@id\":\"https:\\\/\\\/staging-tecma.pixit.au\\\/fr\\\/#organization\"},\"potentialAction\":[{\"@type\":\"SearchAction\",\"target\":{\"@type\":\"EntryPoint\",\"urlTemplate\":\"https:\\\/\\\/staging-tecma.pixit.au\\\/fr\\\/?s={search_term_string}\"},\"query-input\":{\"@type\":\"PropertyValueSpecification\",\"valueRequired\":true,\"valueName\":\"search_term_string\"}}],\"inLanguage\":\"fr-FR\"},{\"@type\":\"Organization\",\"@id\":\"https:\\\/\\\/staging-tecma.pixit.au\\\/fr\\\/#organization\",\"name\":\"Tecma Aries\",\"url\":\"https:\\\/\\\/staging-tecma.pixit.au\\\/fr\\\/\",\"logo\":{\"@type\":\"ImageObject\",\"inLanguage\":\"fr-FR\",\"@id\":\"https:\\\/\\\/staging-tecma.pixit.au\\\/fr\\\/#\\\/schema\\\/logo\\\/image\\\/\",\"url\":\"https:\\\/\\\/staging-tecma.pixit.au\\\/wp-content\\\/uploads\\\/2026\\\/03\\\/logo-light-color.png\",\"contentUrl\":\"https:\\\/\\\/staging-tecma.pixit.au\\\/wp-content\\\/uploads\\\/2026\\\/03\\\/logo-light-color.png\",\"width\":180,\"height\":80,\"caption\":\"Tecma Aries\"},\"image\":{\"@id\":\"https:\\\/\\\/staging-tecma.pixit.au\\\/fr\\\/#\\\/schema\\\/logo\\\/image\\\/\"}},{\"@type\":\"Person\",\"@id\":\"https:\\\/\\\/staging-tecma.pixit.au\\\/fr\\\/#\\\/schema\\\/person\\\/0f505a412b8823eb4244c5d4de2485ca\",\"name\":\"Khaled Hossain\",\"image\":{\"@type\":\"ImageObject\",\"inLanguage\":\"fr-FR\",\"@id\":\"https:\\\/\\\/secure.gravatar.com\\\/avatar\\\/9495d867e7a948b7311ea459c7793bfb42ea756d92701258fe21ae866c051061?s=96&d=mm&r=g\",\"url\":\"https:\\\/\\\/secure.gravatar.com\\\/avatar\\\/9495d867e7a948b7311ea459c7793bfb42ea756d92701258fe21ae866c051061?s=96&d=mm&r=g\",\"contentUrl\":\"https:\\\/\\\/secure.gravatar.com\\\/avatar\\\/9495d867e7a948b7311ea459c7793bfb42ea756d92701258fe21ae866c051061?s=96&d=mm&r=g\",\"caption\":\"Khaled Hossain\"},\"url\":\"https:\\\/\\\/staging-tecma.pixit.au\\\/fr\\\/author\\\/developer\\\/\"}]}<\/script>\n<!-- \/ Yoast SEO plugin. -->","yoast_head_json":{"title":"L\u2019avenir du caf\u00e9 et des emballages de caf\u00e9 plus durables - Tecma Aries","robots":{"index":"index","follow":"follow","max-snippet":"max-snippet:-1","max-image-preview":"max-image-preview:large","max-video-preview":"max-video-preview:-1"},"canonical":"https:\/\/staging-tecma.pixit.au\/fr\/lavenir-du-cafe-et-des-emballages-de-cafe-plus-durables\/","og_locale":"fr_FR","og_type":"article","og_title":"L\u2019avenir du caf\u00e9 et des emballages de caf\u00e9 plus durables - Tecma Aries","og_description":"Lorem ipsum dolor sit amet, consectetur adipiscing elit, sed do eiusmod tempor incididunt ut labore et dolore magna aliqua. Ut enim ad minim veniam, quis nostrud exercitation ullamco laboris nisi ut aliquip ex ea commodo consequat. Duis aute irure dolor in reprehenderit in voluptate velit esse cillum dolore eu fugiat nulla pariatur. Excepteur sint occaecat [&hellip;]","og_url":"https:\/\/staging-tecma.pixit.au\/fr\/lavenir-du-cafe-et-des-emballages-de-cafe-plus-durables\/","og_site_name":"Tecma Aries","article_published_time":"2026-03-18T09:08:39+00:00","article_modified_time":"2026-04-13T12:12:52+00:00","og_image":[{"width":1920,"height":1280,"url":"https:\/\/staging-tecma.pixit.au\/wp-content\/uploads\/2026\/03\/blank-coffee-package-with-copy-space-and-takeout-cups-on-beige-background-e1656316793799.jpg","type":"image\/jpeg"}],"author":"Khaled Hossain","twitter_card":"summary_large_image","twitter_misc":{"\u00c9crit par":"Khaled Hossain","Dur\u00e9e de lecture estim\u00e9e":"1 minute"},"schema":{"@context":"https:\/\/schema.org","@graph":[{"@type":"Article","@id":"https:\/\/staging-tecma.pixit.au\/fr\/lavenir-du-cafe-et-des-emballages-de-cafe-plus-durables\/#article","isPartOf":{"@id":"https:\/\/staging-tecma.pixit.au\/fr\/lavenir-du-cafe-et-des-emballages-de-cafe-plus-durables\/"},"author":{"name":"Khaled Hossain","@id":"https:\/\/staging-tecma.pixit.au\/fr\/#\/schema\/person\/0f505a412b8823eb4244c5d4de2485ca"},"headline":"L\u2019avenir du caf\u00e9 et des emballages de caf\u00e9 plus durables","datePublished":"2026-03-18T09:08:39+00:00","dateModified":"2026-04-13T12:12:52+00:00","mainEntityOfPage":{"@id":"https:\/\/staging-tecma.pixit.au\/fr\/lavenir-du-cafe-et-des-emballages-de-cafe-plus-durables\/"},"wordCount":195,"commentCount":0,"publisher":{"@id":"https:\/\/staging-tecma.pixit.au\/fr\/#organization"},"image":{"@id":"https:\/\/staging-tecma.pixit.au\/fr\/lavenir-du-cafe-et-des-emballages-de-cafe-plus-durables\/#primaryimage"},"thumbnailUrl":"https:\/\/staging-tecma.pixit.au\/wp-content\/uploads\/2026\/03\/blank-coffee-package-with-copy-space-and-takeout-cups-on-beige-background-e1656316793799.jpg","articleSection":["Innovation"],"inLanguage":"fr-FR","potentialAction":[{"@type":"CommentAction","name":"Comment","target":["https:\/\/staging-tecma.pixit.au\/fr\/lavenir-du-cafe-et-des-emballages-de-cafe-plus-durables\/#respond"]}]},{"@type":"WebPage","@id":"https:\/\/staging-tecma.pixit.au\/fr\/lavenir-du-cafe-et-des-emballages-de-cafe-plus-durables\/","url":"https:\/\/staging-tecma.pixit.au\/fr\/lavenir-du-cafe-et-des-emballages-de-cafe-plus-durables\/","name":"L\u2019avenir du caf\u00e9 et des emballages de caf\u00e9 plus durables - Tecma Aries","isPartOf":{"@id":"https:\/\/staging-tecma.pixit.au\/fr\/#website"},"primaryImageOfPage":{"@id":"https:\/\/staging-tecma.pixit.au\/fr\/lavenir-du-cafe-et-des-emballages-de-cafe-plus-durables\/#primaryimage"},"image":{"@id":"https:\/\/staging-tecma.pixit.au\/fr\/lavenir-du-cafe-et-des-emballages-de-cafe-plus-durables\/#primaryimage"},"thumbnailUrl":"https:\/\/staging-tecma.pixit.au\/wp-content\/uploads\/2026\/03\/blank-coffee-package-with-copy-space-and-takeout-cups-on-beige-background-e1656316793799.jpg","datePublished":"2026-03-18T09:08:39+00:00","dateModified":"2026-04-13T12:12:52+00:00","breadcrumb":{"@id":"https:\/\/staging-tecma.pixit.au\/fr\/lavenir-du-cafe-et-des-emballages-de-cafe-plus-durables\/#breadcrumb"},"inLanguage":"fr-FR","potentialAction":[{"@type":"ReadAction","target":["https:\/\/staging-tecma.pixit.au\/fr\/lavenir-du-cafe-et-des-emballages-de-cafe-plus-durables\/"]}]},{"@type":"ImageObject","inLanguage":"fr-FR","@id":"https:\/\/staging-tecma.pixit.au\/fr\/lavenir-du-cafe-et-des-emballages-de-cafe-plus-durables\/#primaryimage","url":"https:\/\/staging-tecma.pixit.au\/wp-content\/uploads\/2026\/03\/blank-coffee-package-with-copy-space-and-takeout-cups-on-beige-background-e1656316793799.jpg","contentUrl":"https:\/\/staging-tecma.pixit.au\/wp-content\/uploads\/2026\/03\/blank-coffee-package-with-copy-space-and-takeout-cups-on-beige-background-e1656316793799.jpg","width":1920,"height":1280},{"@type":"BreadcrumbList","@id":"https:\/\/staging-tecma.pixit.au\/fr\/lavenir-du-cafe-et-des-emballages-de-cafe-plus-durables\/#breadcrumb","itemListElement":[{"@type":"ListItem","position":1,"name":"Home","item":"https:\/\/staging-tecma.pixit.au\/fr\/"},{"@type":"ListItem","position":2,"name":"L\u2019avenir du caf\u00e9 et des emballages de caf\u00e9 plus durables"}]},{"@type":"WebSite","@id":"https:\/\/staging-tecma.pixit.au\/fr\/#website","url":"https:\/\/staging-tecma.pixit.au\/fr\/","name":"Tecma Aries","description":"The end of packaging line expert","publisher":{"@id":"https:\/\/staging-tecma.pixit.au\/fr\/#organization"},"potentialAction":[{"@type":"SearchAction","target":{"@type":"EntryPoint","urlTemplate":"https:\/\/staging-tecma.pixit.au\/fr\/?s={search_term_string}"},"query-input":{"@type":"PropertyValueSpecification","valueRequired":true,"valueName":"search_term_string"}}],"inLanguage":"fr-FR"},{"@type":"Organization","@id":"https:\/\/staging-tecma.pixit.au\/fr\/#organization","name":"Tecma Aries","url":"https:\/\/staging-tecma.pixit.au\/fr\/","logo":{"@type":"ImageObject","inLanguage":"fr-FR","@id":"https:\/\/staging-tecma.pixit.au\/fr\/#\/schema\/logo\/image\/","url":"https:\/\/staging-tecma.pixit.au\/wp-content\/uploads\/2026\/03\/logo-light-color.png","contentUrl":"https:\/\/staging-tecma.pixit.au\/wp-content\/uploads\/2026\/03\/logo-light-color.png","width":180,"height":80,"caption":"Tecma Aries"},"image":{"@id":"https:\/\/staging-tecma.pixit.au\/fr\/#\/schema\/logo\/image\/"}},{"@type":"Person","@id":"https:\/\/staging-tecma.pixit.au\/fr\/#\/schema\/person\/0f505a412b8823eb4244c5d4de2485ca","name":"Khaled Hossain","image":{"@type":"ImageObject","inLanguage":"fr-FR","@id":"https:\/\/secure.gravatar.com\/avatar\/9495d867e7a948b7311ea459c7793bfb42ea756d92701258fe21ae866c051061?s=96&d=mm&r=g","url":"https:\/\/secure.gravatar.com\/avatar\/9495d867e7a948b7311ea459c7793bfb42ea756d92701258fe21ae866c051061?s=96&d=mm&r=g","contentUrl":"https:\/\/secure.gravatar.com\/avatar\/9495d867e7a948b7311ea459c7793bfb42ea756d92701258fe21ae866c051061?s=96&d=mm&r=g","caption":"Khaled Hossain"},"url":"https:\/\/staging-tecma.pixit.au\/fr\/author\/developer\/"}]}},"_links":{"self":[{"href":"https:\/\/staging-tecma.pixit.au\/fr\/wp-json\/wp\/v2\/posts\/1576","targetHints":{"allow":["GET"]}}],"collection":[{"href":"https:\/\/staging-tecma.pixit.au\/fr\/wp-json\/wp\/v2\/posts"}],"about":[{"href":"https:\/\/staging-tecma.pixit.au\/fr\/wp-json\/wp\/v2\/types\/post"}],"author":[{"embeddable":true,"href":"https:\/\/staging-tecma.pixit.au\/fr\/wp-json\/wp\/v2\/users\/2"}],"replies":[{"embeddable":true,"href":"https:\/\/staging-tecma.pixit.au\/fr\/wp-json\/wp\/v2\/comments?post=1576"}],"version-history":[{"count":1,"href":"https:\/\/staging-tecma.pixit.au\/fr\/wp-json\/wp\/v2\/posts\/1576\/revisions"}],"predecessor-version":[{"id":1577,"href":"https:\/\/staging-tecma.pixit.au\/fr\/wp-json\/wp\/v2\/posts\/1576\/revisions\/1577"}],"wp:featuredmedia":[{"embeddable":true,"href":"https:\/\/staging-tecma.pixit.au\/fr\/wp-json\/wp\/v2\/media\/1575"}],"wp:attachment":[{"href":"https:\/\/staging-tecma.pixit.au\/fr\/wp-json\/wp\/v2\/media?parent=1576"}],"wp:term":[{"taxonomy":"category","embeddable":true,"href":"https:\/\/staging-tecma.pixit.au\/fr\/wp-json\/wp\/v2\/categories?post=1576"},{"taxonomy":"post_tag","embeddable":true,"href":"https:\/\/staging-tecma.pixit.au\/fr\/wp-json\/wp\/v2\/tags?post=1576"}],"curies":[{"name":"wp","href":"https:\/\/api.w.org\/{rel}","templated":true}]}}